{"id":1379,"date":"2019-04-24T01:40:14","date_gmt":"2019-04-24T01:40:14","guid":{"rendered":"http:\/\/www.palitosdealamo.cl\/?p=1379"},"modified":"2019-09-20T22:32:53","modified_gmt":"2019-09-20T22:32:53","slug":"listones-de-madera-para-trabajos-especiales","status":"publish","type":"post","link":"http:\/\/www.palitosdealamo.cl\/?p=1379","title":{"rendered":"Listones de Madera para Trabajos Especiales"},"content":{"rendered":"<p><img loading=\"lazy\" decoding=\"async\" class=\"alignnone wp-image-1382\" src=\"http:\/\/www.palitosdealamo.cl\/wp-content\/uploads\/2019\/04\/listones-madera-pino.jpg\" alt=\"\" width=\"350\" height=\"263\" srcset=\"http:\/\/www.palitosdealamo.cl\/wp-content\/uploads\/2019\/04\/listones-madera-pino.jpg 400w, http:\/\/www.palitosdealamo.cl\/wp-content\/uploads\/2019\/04\/listones-madera-pino-300x225.jpg 300w\" sizes=\"(max-width: 350px) 100vw, 350px\" \/>\u00a0\u00a0<img loading=\"lazy\" decoding=\"async\" class=\"alignnone wp-image-1384\" src=\"http:\/\/www.palitosdealamo.cl\/wp-content\/uploads\/2019\/04\/listones-madera-pino-medidas.jpg\" alt=\"\" width=\"350\" height=\"263\" srcset=\"http:\/\/www.palitosdealamo.cl\/wp-content\/uploads\/2019\/04\/listones-madera-pino-medidas.jpg 400w, http:\/\/www.palitosdealamo.cl\/wp-content\/uploads\/2019\/04\/listones-madera-pino-medidas-300x225.jpg 300w\" sizes=\"(max-width: 350px) 100vw, 350px\" \/><\/p>\n<p>Contamos con listones de madera de pino de todos los tama\u00f1os para realizar distintos trabajos de carpinter\u00eda y artesan\u00eda.<\/p>\n","protected":false},"excerpt":{"rendered":"<p>\u00a0\u00a0 Contamos con listones de madera de pino de todos los tama\u00f1os para realizar distintos trabajos de carpinter\u00eda y artesan\u00eda.<\/p>\n","protected":false},"author":1,"featured_media":1380,"comment_status":"closed","ping_status":"closed","sticky":false,"template":"","format":"standard","meta":{"content-type":"","footnotes":""},"categories":[6],"tags":[],"_links":{"self":[{"href":"http:\/\/www.palitosdealamo.cl\/index.php?rest_route=\/wp\/v2\/posts\/1379"}],"collection":[{"href":"http:\/\/www.palitosdealamo.cl\/index.php?rest_route=\/wp\/v2\/posts"}],"about":[{"href":"http:\/\/www.palitosdealamo.cl\/index.php?rest_route=\/wp\/v2\/types\/post"}],"author":[{"embeddable":true,"href":"http:\/\/www.palitosdealamo.cl\/index.php?rest_route=\/wp\/v2\/users\/1"}],"replies":[{"embeddable":true,"href":"http:\/\/www.palitosdealamo.cl\/index.php?rest_route=%2Fwp%2Fv2%2Fcomments&post=1379"}],"version-history":[{"count":8,"href":"http:\/\/www.palitosdealamo.cl\/index.php?rest_route=\/wp\/v2\/posts\/1379\/revisions"}],"predecessor-version":[{"id":1390,"href":"http:\/\/www.palitosdealamo.cl\/index.php?rest_route=\/wp\/v2\/posts\/1379\/revisions\/1390"}],"wp:featuredmedia":[{"embeddable":true,"href":"http:\/\/www.palitosdealamo.cl\/index.php?rest_route=\/wp\/v2\/media\/1380"}],"wp:attachment":[{"href":"http:\/\/www.palitosdealamo.cl\/index.php?rest_route=%2Fwp%2Fv2%2Fmedia&parent=1379"}],"wp:term":[{"taxonomy":"category","embeddable":true,"href":"http:\/\/www.palitosdealamo.cl\/index.php?rest_route=%2Fwp%2Fv2%2Fcategories&post=1379"},{"taxonomy":"post_tag","embeddable":true,"href":"http:\/\/www.palitosdealamo.cl\/index.php?rest_route=%2Fwp%2Fv2%2Ftags&post=1379"}],"curies":[{"name":"wp","href":"https:\/\/api.w.org\/{rel}","templated":true}]}}